{"id":1688,"date":"2015-08-01T00:00:00","date_gmt":"2015-08-01T03:00:00","guid":{"rendered":"https:\/\/lessavieira.com.br\/?p=1688"},"modified":"2024-09-10T16:37:40","modified_gmt":"2024-09-10T19:37:40","slug":"ausencia-de-colaboracao-e-evidencia-do-direito","status":"publish","type":"post","link":"https:\/\/lessavieira.com.br\/index.php\/2015\/08\/01\/ausencia-de-colaboracao-e-evidencia-do-direito\/","title":{"rendered":"Aus\u00eancia de Colabora\u00e7\u00e3o e Evid\u00eancia do Direito"},"content":{"rendered":"\t\t<div data-elementor-type=\"wp-post\" data-elementor-id=\"1688\" class=\"elementor elementor-1688\">\n\t\t\t\t<div class=\"elementor-element elementor-element-33ec379 e-flex e-con-boxed e-con e-parent\" data-id=\"33ec379\" data-element_type=\"container\" data-e-type=\"container\">\n\t\t\t\t\t<div class=\"e-con-inner\">\n\t\t<div class=\"elementor-element elementor-element-cf40748 e-con-full e-flex e-con e-child\" data-id=\"cf40748\" data-element_type=\"container\" data-e-type=\"container\" data-settings=\"{&quot;background_background&quot;:&quot;classic&quot;}\">\n\t\t<div class=\"elementor-element elementor-element-9f59bcc e-con-full e-flex e-con e-child\" data-id=\"9f59bcc\" data-element_type=\"container\" data-e-type=\"container\" data-settings=\"{&quot;background_background&quot;:&quot;classic&quot;}\">\n\t\t<div class=\"elementor-element elementor-element-3a5f64d e-con-full e-flex e-con e-child\" data-id=\"3a5f64d\" data-element_type=\"container\" data-e-type=\"container\">\n\t\t\t\t<div class=\"elementor-element elementor-element-f01404a elementor-widget__width-initial elementor-widget elementor-widget-image\" data-id=\"f01404a\" data-element_type=\"widget\" data-e-type=\"widget\" data-widget_type=\"image.default\">\n\t\t\t\t<div class=\"elementor-widget-container\">\n\t\t\t\t\t\t\t\t\t\t\t\t\t\t\t\t<a href=\"https:\/\/lessavieira.com.br\/\">\n\t\t\t\t\t\t\t<img fetchpriority=\"high\" decoding=\"async\" width=\"7273\" height=\"1618\" src=\"https:\/\/lessavieira.com.br\/wp-content\/uploads\/2024\/03\/Lessa-Vieira_marca_Horizontal-branca.png\" class=\"attachment-full size-full wp-image-93\" alt=\"\" srcset=\"https:\/\/lessavieira.com.br\/wp-content\/uploads\/2024\/03\/Lessa-Vieira_marca_Horizontal-branca.png 7273w, https:\/\/lessavieira.com.br\/wp-content\/uploads\/2024\/03\/Lessa-Vieira_marca_Horizontal-branca-300x67.png 300w, https:\/\/lessavieira.com.br\/wp-content\/uploads\/2024\/03\/Lessa-Vieira_marca_Horizontal-branca-1024x228.png 1024w, https:\/\/lessavieira.com.br\/wp-content\/uploads\/2024\/03\/Lessa-Vieira_marca_Horizontal-branca-768x171.png 768w, https:\/\/lessavieira.com.br\/wp-content\/uploads\/2024\/03\/Lessa-Vieira_marca_Horizontal-branca-1536x342.png 1536w, https:\/\/lessavieira.com.br\/wp-content\/uploads\/2024\/03\/Lessa-Vieira_marca_Horizontal-branca-2048x456.png 2048w\" sizes=\"(max-width: 7273px) 100vw, 7273px\" \/>\t\t\t\t\t\t\t\t<\/a>\n\t\t\t\t\t\t\t\t\t\t\t\t\t\t\t<\/div>\n\t\t\t\t<\/div>\n\t\t\t\t<div class=\"elementor-element elementor-element-917a56b elementor-icon-list--layout-inline elementor-align-end elementor-mobile-align-center elementor-list-item-link-full_width elementor-widget elementor-widget-icon-list\" data-id=\"917a56b\" data-element_type=\"widget\" data-e-type=\"widget\" data-widget_type=\"icon-list.default\">\n\t\t\t\t<div class=\"elementor-widget-container\">\n\t\t\t\t\t\t\t<ul class=\"elementor-icon-list-items elementor-inline-items\">\n\t\t\t\t\t\t\t<li class=\"elementor-icon-list-item elementor-inline-item\">\n\t\t\t\t\t\t\t\t\t\t\t<a href=\"https:\/\/lessavieira.com.br\/index.php\/es\/\">\n\n\t\t\t\t\t\t\t\t\t\t\t<span class=\"elementor-icon-list-text\">Inicio<\/span>\n\t\t\t\t\t\t\t\t\t\t\t<\/a>\n\t\t\t\t\t\t\t\t\t<\/li>\n\t\t\t\t\t\t<\/ul>\n\t\t\t\t\t\t<\/div>\n\t\t\t\t<\/div>\n\t\t\t\t<\/div>\n\t\t\t\t<div class=\"elementor-element elementor-element-5a7f167 elementor-widget-divider--view-line elementor-widget elementor-widget-divider\" data-id=\"5a7f167\" data-element_type=\"widget\" data-e-type=\"widget\" data-widget_type=\"divider.default\">\n\t\t\t\t<div class=\"elementor-widget-container\">\n\t\t\t\t\t\t\t<div class=\"elementor-divider\">\n\t\t\t<span class=\"elementor-divider-separator\">\n\t\t\t\t\t\t<\/span>\n\t\t<\/div>\n\t\t\t\t\t\t<\/div>\n\t\t\t\t<\/div>\n\t\t\t\t<\/div>\n\t\t\t\t<\/div>\n\t\t<div class=\"elementor-element elementor-element-25b1eac e-con-full e-flex e-con e-child\" data-id=\"25b1eac\" data-element_type=\"container\" data-e-type=\"container\">\n\t\t<div class=\"elementor-element elementor-element-400892f e-con-full e-flex e-con e-child\" data-id=\"400892f\" data-element_type=\"container\" data-e-type=\"container\">\n\t\t<div class=\"elementor-element elementor-element-8e471dd e-con-full e-flex e-con e-child\" data-id=\"8e471dd\" data-element_type=\"container\" data-e-type=\"container\" data-settings=\"{&quot;background_background&quot;:&quot;classic&quot;}\">\n\t\t<div class=\"elementor-element elementor-element-2c5045c e-con-full e-flex e-con e-child\" data-id=\"2c5045c\" data-element_type=\"container\" data-e-type=\"container\">\n\t\t\t\t<div class=\"elementor-element elementor-element-7fe6bfb elementor-widget elementor-widget-heading\" data-id=\"7fe6bfb\" data-element_type=\"widget\" data-e-type=\"widget\" data-widget_type=\"heading.default\">\n\t\t\t\t<div class=\"elementor-widget-container\">\n\t\t\t\t\t<h1 class=\"elementor-heading-title elementor-size-default\">Aus\u00eancia de Colabora\u00e7\u00e3o e Evid\u00eancia do Direito<\/h1>\t\t\t\t<\/div>\n\t\t\t\t<\/div>\n\t\t\t\t<div class=\"elementor-element elementor-element-bdd271d elementor-widget elementor-widget-text-editor\" data-id=\"bdd271d\" data-element_type=\"widget\" data-e-type=\"widget\" data-widget_type=\"text-editor.default\">\n\t\t\t\t<div class=\"elementor-widget-container\">\n\t\t\t\t\t\t\t\t\t<p>Artigo publicado pelo s\u00f3cio Guilherme Lessa na Revista de Processo n\u00ba 246, ano 2015.<\/p><p>O artigo prop\u00f5e a possibilidade de que a aus\u00eancia de colabora\u00e7\u00e3o de uma das partes no processo acarreta consequ\u00eancias jur\u00eddico-processuais, em especial a presun\u00e7\u00e3o de probabilidade em favor da parte adversa. Com isso, defende-se a possibilidade de que seja antecipados os efeitos da tutela em favor do autor quando o r\u00e9u passa a descumprir decis\u00f5es judiciais de maneira imotivada.<\/p><p>A Revista de Processo, fundada em 1976, \u00e9 uma das revistas mais tradicionais e respeitadas da \u00e1rea do direito, sendo refer\u00eancia na \u00e1rea do direito processual. Al\u00e9m disso, \u00e9 reposit\u00f3rio oficial de v\u00e1rios Tribunais do pa\u00eds, dentre eles o Superior Tribunal de Justi\u00e7a e o Supremo Tribunal Federal.<\/p><p>Para ter acesso ao artigo na \u00edntegra, <u><a href=\"https:\/\/www.academia.edu\/22984705\/Aus%C3%AAncia_de_Colabora%C3%A7ao_e_Evid%C3%AAncia_do_Direito_RePro_no_246\">clique aqui<\/a><\/u><\/p>\t\t\t\t\t\t\t\t<\/div>\n\t\t\t\t<\/div>\n\t\t\t\t<\/div>\n\t\t<div class=\"elementor-element elementor-element-5045a12 e-con-full e-flex e-con e-child\" data-id=\"5045a12\" data-element_type=\"container\" data-e-type=\"container\">\n\t\t\t\t<div class=\"elementor-element elementor-element-19be77e elementor-invisible elementor-widget elementor-widget-image\" data-id=\"19be77e\" data-element_type=\"widget\" data-e-type=\"widget\" data-settings=\"{&quot;_animation&quot;:&quot;fadeInDown&quot;}\" data-widget_type=\"image.default\">\n\t\t\t\t<div class=\"elementor-widget-container\">\n\t\t\t\t\t\t\t\t\t\t\t\t\t\t\t<img decoding=\"async\" width=\"370\" height=\"530\" src=\"https:\/\/lessavieira.com.br\/wp-content\/uploads\/2024\/06\/Revista_de_processo-370x530.jpg\" class=\"attachment-large size-large wp-image-1674\" alt=\"\" srcset=\"https:\/\/lessavieira.com.br\/wp-content\/uploads\/2024\/06\/Revista_de_processo-370x530.jpg 370w, https:\/\/lessavieira.com.br\/wp-content\/uploads\/2024\/06\/Revista_de_processo-280x400.jpg 280w, https:\/\/lessavieira.com.br\/wp-content\/uploads\/2024\/06\/Revista_de_processo.jpg 550w\" sizes=\"(max-width: 370px) 100vw, 370px\" \/>\t\t\t\t\t\t\t\t\t\t\t\t\t\t\t<\/div>\n\t\t\t\t<\/div>\n\t\t\t\t<\/div>\n\t\t\t\t<\/div>\n\t\t\t\t<\/div>\n\t\t\t\t<\/div>\n\t\t\t\t\t<\/div>\n\t\t\t\t<\/div>\n\t\t<div class=\"elementor-element elementor-element-b0137ed e-flex e-con-boxed e-con e-parent\" data-id=\"b0137ed\" data-element_type=\"container\" data-e-type=\"container\">\n\t\t\t\t\t<div class=\"e-con-inner\">\n\t\t<footer class=\"elementor-element elementor-element-191690a e-con-full e-flex e-con e-child\" data-id=\"191690a\" data-element_type=\"container\" data-e-type=\"container\" data-settings=\"{&quot;background_background&quot;:&quot;classic&quot;}\">\n\t\t<div class=\"elementor-element elementor-element-1a786f6 e-flex e-con-boxed e-con e-child\" data-id=\"1a786f6\" data-element_type=\"container\" data-e-type=\"container\">\n\t\t\t\t\t<div class=\"e-con-inner\">\n\t\t\t\t<div class=\"elementor-element elementor-element-22a0bc4 elementor-widget elementor-widget-heading\" data-id=\"22a0bc4\" data-element_type=\"widget\" data-e-type=\"widget\" data-widget_type=\"heading.default\">\n\t\t\t\t<div class=\"elementor-widget-container\">\n\t\t\t\t\t<h2 class=\"elementor-heading-title elementor-size-default\">\u00a9 Lessa Vieira Advocacia 2024 | Todos los derechos reservados.\n<\/h2>\t\t\t\t<\/div>\n\t\t\t\t<\/div>\n\t\t\t\t\t<\/div>\n\t\t\t\t<\/div>\n\t\t\t\t<\/footer>\n\t\t\t\t\t<\/div>\n\t\t\t\t<\/div>\n\t\t\t\t<\/div>\n\t\t","protected":false},"excerpt":{"rendered":"<p>Inicio Aus\u00eancia de Colabora\u00e7\u00e3o e Evid\u00eancia do Direito Artigo publicado pelo s\u00f3cio Guilherme Lessa na Revista de Processo n\u00ba 246, ano 2015. O artigo prop\u00f5e a possibilidade de que a aus\u00eancia de colabora\u00e7\u00e3o de uma das partes no processo acarreta consequ\u00eancias jur\u00eddico-processuais, em especial a presun\u00e7\u00e3o de probabilidade em favor da parte adversa. Com isso, [&hellip;]<\/p>\n","protected":false},"author":4,"featured_media":1674,"comment_status":"open","ping_status":"open","sticky":false,"template":"elementor_canvas","format":"standard","meta":{"footnotes":""},"categories":[1],"tags":[],"class_list":["post-1688","post","type-post","status-publish","format-standard","has-post-thumbnail","hentry","category-blog"],"_links":{"self":[{"href":"https:\/\/lessavieira.com.br\/index.php\/wp-json\/wp\/v2\/posts\/1688","targetHints":{"allow":["GET"]}}],"collection":[{"href":"https:\/\/lessavieira.com.br\/index.php\/wp-json\/wp\/v2\/posts"}],"about":[{"href":"https:\/\/lessavieira.com.br\/index.php\/wp-json\/wp\/v2\/types\/post"}],"author":[{"embeddable":true,"href":"https:\/\/lessavieira.com.br\/index.php\/wp-json\/wp\/v2\/users\/4"}],"replies":[{"embeddable":true,"href":"https:\/\/lessavieira.com.br\/index.php\/wp-json\/wp\/v2\/comments?post=1688"}],"version-history":[{"count":11,"href":"https:\/\/lessavieira.com.br\/index.php\/wp-json\/wp\/v2\/posts\/1688\/revisions"}],"predecessor-version":[{"id":1762,"href":"https:\/\/lessavieira.com.br\/index.php\/wp-json\/wp\/v2\/posts\/1688\/revisions\/1762"}],"wp:featuredmedia":[{"embeddable":true,"href":"https:\/\/lessavieira.com.br\/index.php\/wp-json\/wp\/v2\/media\/1674"}],"wp:attachment":[{"href":"https:\/\/lessavieira.com.br\/index.php\/wp-json\/wp\/v2\/media?parent=1688"}],"wp:term":[{"taxonomy":"category","embeddable":true,"href":"https:\/\/lessavieira.com.br\/index.php\/wp-json\/wp\/v2\/categories?post=1688"},{"taxonomy":"post_tag","embeddable":true,"href":"https:\/\/lessavieira.com.br\/index.php\/wp-json\/wp\/v2\/tags?post=1688"}],"curies":[{"name":"wp","href":"https:\/\/api.w.org\/{rel}","templated":true}]}}