{"id":1716,"date":"2018-10-01T00:00:00","date_gmt":"2018-10-01T03:00:00","guid":{"rendered":"https:\/\/lessavieira.com.br\/?p=1716"},"modified":"2024-09-10T16:43:10","modified_gmt":"2024-09-10T19:43:10","slug":"teoria-da-interpretacao-e-precedentes-no-cpc-15-a-fundamentacao-como-standard-de-racionalidade-estruturante-e-condicao-de-possibilidade-para-discursos-de-aplicacao","status":"publish","type":"post","link":"https:\/\/lessavieira.com.br\/index.php\/2018\/10\/01\/teoria-da-interpretacao-e-precedentes-no-cpc-15-a-fundamentacao-como-standard-de-racionalidade-estruturante-e-condicao-de-possibilidade-para-discursos-de-aplicacao\/","title":{"rendered":"Teoria da interpreta\u00e7\u00e3o e precedentes no CPC\/15: a fundamenta\u00e7\u00e3o como standard de racionalidade estruturante e condi\u00e7\u00e3o de possibilidade para discursos de aplica\u00e7\u00e3o"},"content":{"rendered":"\t\t<div data-elementor-type=\"wp-post\" data-elementor-id=\"1716\" class=\"elementor elementor-1716\">\n\t\t\t\t<div class=\"elementor-element elementor-element-f82e4ca e-flex e-con-boxed e-con e-parent\" data-id=\"f82e4ca\" data-element_type=\"container\" data-e-type=\"container\">\n\t\t\t\t\t<div class=\"e-con-inner\">\n\t\t<div class=\"elementor-element elementor-element-54c3a01 e-con-full e-flex e-con e-child\" data-id=\"54c3a01\" data-element_type=\"container\" data-e-type=\"container\" data-settings=\"{&quot;background_background&quot;:&quot;classic&quot;}\">\n\t\t<div class=\"elementor-element elementor-element-cf96bac e-con-full e-flex e-con e-child\" data-id=\"cf96bac\" data-element_type=\"container\" data-e-type=\"container\" data-settings=\"{&quot;background_background&quot;:&quot;classic&quot;}\">\n\t\t<div class=\"elementor-element elementor-element-a899026 e-con-full e-flex e-con e-child\" data-id=\"a899026\" data-element_type=\"container\" data-e-type=\"container\">\n\t\t\t\t<div class=\"elementor-element elementor-element-ce1e3d5 elementor-widget__width-initial elementor-widget elementor-widget-image\" data-id=\"ce1e3d5\" data-element_type=\"widget\" data-e-type=\"widget\" data-widget_type=\"image.default\">\n\t\t\t\t<div class=\"elementor-widget-container\">\n\t\t\t\t\t\t\t\t\t\t\t\t\t\t\t\t<a href=\"https:\/\/lessavieira.com.br\/\">\n\t\t\t\t\t\t\t<img fetchpriority=\"high\" decoding=\"async\" width=\"7273\" height=\"1618\" src=\"https:\/\/lessavieira.com.br\/wp-content\/uploads\/2024\/03\/Lessa-Vieira_marca_Horizontal-branca.png\" class=\"attachment-full size-full wp-image-93\" alt=\"\" srcset=\"https:\/\/lessavieira.com.br\/wp-content\/uploads\/2024\/03\/Lessa-Vieira_marca_Horizontal-branca.png 7273w, https:\/\/lessavieira.com.br\/wp-content\/uploads\/2024\/03\/Lessa-Vieira_marca_Horizontal-branca-300x67.png 300w, https:\/\/lessavieira.com.br\/wp-content\/uploads\/2024\/03\/Lessa-Vieira_marca_Horizontal-branca-1024x228.png 1024w, https:\/\/lessavieira.com.br\/wp-content\/uploads\/2024\/03\/Lessa-Vieira_marca_Horizontal-branca-768x171.png 768w, https:\/\/lessavieira.com.br\/wp-content\/uploads\/2024\/03\/Lessa-Vieira_marca_Horizontal-branca-1536x342.png 1536w, https:\/\/lessavieira.com.br\/wp-content\/uploads\/2024\/03\/Lessa-Vieira_marca_Horizontal-branca-2048x456.png 2048w\" sizes=\"(max-width: 7273px) 100vw, 7273px\" \/>\t\t\t\t\t\t\t\t<\/a>\n\t\t\t\t\t\t\t\t\t\t\t\t\t\t\t<\/div>\n\t\t\t\t<\/div>\n\t\t\t\t<div class=\"elementor-element elementor-element-985df9f elementor-icon-list--layout-inline elementor-align-end elementor-mobile-align-center elementor-list-item-link-full_width elementor-widget elementor-widget-icon-list\" data-id=\"985df9f\" data-element_type=\"widget\" data-e-type=\"widget\" data-widget_type=\"icon-list.default\">\n\t\t\t\t<div class=\"elementor-widget-container\">\n\t\t\t\t\t\t\t<ul class=\"elementor-icon-list-items elementor-inline-items\">\n\t\t\t\t\t\t\t<li class=\"elementor-icon-list-item elementor-inline-item\">\n\t\t\t\t\t\t\t\t\t\t\t<a href=\"https:\/\/lessavieira.com.br\/index.php\/es\/\">\n\n\t\t\t\t\t\t\t\t\t\t\t<span class=\"elementor-icon-list-text\">Inicio<\/span>\n\t\t\t\t\t\t\t\t\t\t\t<\/a>\n\t\t\t\t\t\t\t\t\t<\/li>\n\t\t\t\t\t\t<\/ul>\n\t\t\t\t\t\t<\/div>\n\t\t\t\t<\/div>\n\t\t\t\t<\/div>\n\t\t\t\t<div class=\"elementor-element elementor-element-e036f96 elementor-widget-divider--view-line elementor-widget elementor-widget-divider\" data-id=\"e036f96\" data-element_type=\"widget\" data-e-type=\"widget\" data-widget_type=\"divider.default\">\n\t\t\t\t<div class=\"elementor-widget-container\">\n\t\t\t\t\t\t\t<div class=\"elementor-divider\">\n\t\t\t<span class=\"elementor-divider-separator\">\n\t\t\t\t\t\t<\/span>\n\t\t<\/div>\n\t\t\t\t\t\t<\/div>\n\t\t\t\t<\/div>\n\t\t\t\t<\/div>\n\t\t\t\t<\/div>\n\t\t<div class=\"elementor-element elementor-element-870ca7f e-con-full e-flex e-con e-child\" data-id=\"870ca7f\" data-element_type=\"container\" data-e-type=\"container\">\n\t\t<div class=\"elementor-element elementor-element-86e5ffc e-con-full e-flex e-con e-child\" data-id=\"86e5ffc\" data-element_type=\"container\" data-e-type=\"container\">\n\t\t<div class=\"elementor-element elementor-element-42f5548 e-con-full e-flex e-con e-child\" data-id=\"42f5548\" data-element_type=\"container\" data-e-type=\"container\" data-settings=\"{&quot;background_background&quot;:&quot;classic&quot;}\">\n\t\t<div class=\"elementor-element elementor-element-c89daa1 e-con-full e-flex e-con e-child\" data-id=\"c89daa1\" data-element_type=\"container\" data-e-type=\"container\">\n\t\t\t\t<div class=\"elementor-element elementor-element-595687a elementor-widget elementor-widget-heading\" data-id=\"595687a\" data-element_type=\"widget\" data-e-type=\"widget\" data-widget_type=\"heading.default\">\n\t\t\t\t<div class=\"elementor-widget-container\">\n\t\t\t\t\t<h1 class=\"elementor-heading-title elementor-size-default\">Teoria da interpreta\u00e7\u00e3o e precedentes no CPC\/15: a fundamenta\u00e7\u00e3o como standard de racionalidade estruturante e condi\u00e7\u00e3o de possibilidade para discursos de aplica\u00e7\u00e3o <\/h1>\t\t\t\t<\/div>\n\t\t\t\t<\/div>\n\t\t\t\t<div class=\"elementor-element elementor-element-606b79e elementor-widget elementor-widget-text-editor\" data-id=\"606b79e\" data-element_type=\"widget\" data-e-type=\"widget\" data-widget_type=\"text-editor.default\">\n\t\t\t\t<div class=\"elementor-widget-container\">\n\t\t\t\t\t\t\t\t\t<p>Artigo publicado pelo s\u00f3cio Gustavo Vieira na Revista de Processo n\u00ba 284, ano 2018, tendo sido selecionado pelo Superior Tribunal de Justi\u00e7a para compor a colet\u00e2nea \u201cBibliografias Selecionadas\u201d na tem\u00e1tica dos precedentes judiciais.<\/p><p>O artigo tem por objetivo analisar a teoria da interpreta\u00e7\u00e3o e seus influxos no sistema brasileiro de precedentes. Com o reconhecimento de que o Direito n\u00e3o \u00e9 algo totalmente determinado em um momento pr\u00e9vio \u00e0 interpreta\u00e7\u00e3o, fica cada vez mais claro que n\u00e3o se interpretam normas, mas textos normativos. Nessa perspectiva, percebe-se a necessidade de um estudo mais aprofundado a respeito da teoria l\u00f3gico-argumentativa \u2013 que repele a ideia de que o Direito \u00e9 determinado em um momento pr\u00e9vio \u00e0 interpreta\u00e7\u00e3o \u2013, como forma de melhor compreend\u00ea-la e conform\u00e1-la \u00e0 teoria dos precedentes.<\/p><p>A Revista de Processo, fundada em 1976, \u00e9 uma das revistas mais tradicionais e respeitadas da \u00e1rea do direito, sendo refer\u00eancia na \u00e1rea do direito processual. Al\u00e9m disso, \u00e9 reposit\u00f3rio oficial de v\u00e1rios Tribunais do pa\u00eds, dentre eles o Superior Tribunal de Justi\u00e7a e o Supremo Tribunal Federal.<\/p><p>Para ter acesso ao artigo na \u00edntegra, <u><a href=\"https:\/\/bit.ly\/RePro284\">clique aqui<\/a><\/u><\/p><p>\u00a0<\/p>\t\t\t\t\t\t\t\t<\/div>\n\t\t\t\t<\/div>\n\t\t\t\t<\/div>\n\t\t<div class=\"elementor-element elementor-element-f46f1d9 e-con-full e-flex e-con e-child\" data-id=\"f46f1d9\" data-element_type=\"container\" data-e-type=\"container\">\n\t\t\t\t<div class=\"elementor-element elementor-element-48a77fb elementor-invisible elementor-widget elementor-widget-image\" data-id=\"48a77fb\" data-element_type=\"widget\" data-e-type=\"widget\" data-settings=\"{&quot;_animation&quot;:&quot;fadeInDown&quot;}\" data-widget_type=\"image.default\">\n\t\t\t\t<div class=\"elementor-widget-container\">\n\t\t\t\t\t\t\t\t\t\t\t\t\t\t\t<img decoding=\"async\" width=\"252\" height=\"354\" src=\"https:\/\/lessavieira.com.br\/wp-content\/uploads\/2024\/09\/precedentes_judiciais.png\" class=\"attachment-large size-large wp-image-1718\" alt=\"\" \/>\t\t\t\t\t\t\t\t\t\t\t\t\t\t\t<\/div>\n\t\t\t\t<\/div>\n\t\t\t\t<\/div>\n\t\t\t\t<\/div>\n\t\t\t\t<\/div>\n\t\t\t\t<\/div>\n\t\t\t\t\t<\/div>\n\t\t\t\t<\/div>\n\t\t<div class=\"elementor-element elementor-element-286d91e e-flex e-con-boxed e-con e-parent\" data-id=\"286d91e\" data-element_type=\"container\" data-e-type=\"container\">\n\t\t\t\t\t<div class=\"e-con-inner\">\n\t\t<footer class=\"elementor-element elementor-element-de51ef6 e-con-full e-flex e-con e-child\" data-id=\"de51ef6\" data-element_type=\"container\" data-e-type=\"container\" data-settings=\"{&quot;background_background&quot;:&quot;classic&quot;}\">\n\t\t<div class=\"elementor-element elementor-element-995764d e-flex e-con-boxed e-con e-child\" data-id=\"995764d\" data-element_type=\"container\" data-e-type=\"container\">\n\t\t\t\t\t<div class=\"e-con-inner\">\n\t\t\t\t<div class=\"elementor-element elementor-element-de1acb3 elementor-widget elementor-widget-heading\" data-id=\"de1acb3\" data-element_type=\"widget\" data-e-type=\"widget\" data-widget_type=\"heading.default\">\n\t\t\t\t<div class=\"elementor-widget-container\">\n\t\t\t\t\t<h2 class=\"elementor-heading-title elementor-size-default\">\u00a9 Lessa Vieira Advocacia 2024 | Todos los derechos reservados.\n<\/h2>\t\t\t\t<\/div>\n\t\t\t\t<\/div>\n\t\t\t\t\t<\/div>\n\t\t\t\t<\/div>\n\t\t\t\t<\/footer>\n\t\t\t\t\t<\/div>\n\t\t\t\t<\/div>\n\t\t\t\t<\/div>\n\t\t","protected":false},"excerpt":{"rendered":"<p>Inicio Teoria da interpreta\u00e7\u00e3o e precedentes no CPC\/15: a fundamenta\u00e7\u00e3o como standard de racionalidade estruturante e condi\u00e7\u00e3o de possibilidade para discursos de aplica\u00e7\u00e3o Artigo publicado pelo s\u00f3cio Gustavo Vieira na Revista de Processo n\u00ba 284, ano 2018, tendo sido selecionado pelo Superior Tribunal de Justi\u00e7a para compor a colet\u00e2nea \u201cBibliografias Selecionadas\u201d na tem\u00e1tica dos precedentes [&hellip;]<\/p>\n","protected":false},"author":3,"featured_media":1718,"comment_status":"closed","ping_status":"closed","sticky":false,"template":"elementor_canvas","format":"standard","meta":{"footnotes":""},"categories":[1],"tags":[],"class_list":["post-1716","post","type-post","status-publish","format-standard","has-post-thumbnail","hentry","category-blog"],"_links":{"self":[{"href":"https:\/\/lessavieira.com.br\/index.php\/wp-json\/wp\/v2\/posts\/1716","targetHints":{"allow":["GET"]}}],"collection":[{"href":"https:\/\/lessavieira.com.br\/index.php\/wp-json\/wp\/v2\/posts"}],"about":[{"href":"https:\/\/lessavieira.com.br\/index.php\/wp-json\/wp\/v2\/types\/post"}],"author":[{"embeddable":true,"href":"https:\/\/lessavieira.com.br\/index.php\/wp-json\/wp\/v2\/users\/3"}],"replies":[{"embeddable":true,"href":"https:\/\/lessavieira.com.br\/index.php\/wp-json\/wp\/v2\/comments?post=1716"}],"version-history":[{"count":17,"href":"https:\/\/lessavieira.com.br\/index.php\/wp-json\/wp\/v2\/posts\/1716\/revisions"}],"predecessor-version":[{"id":1783,"href":"https:\/\/lessavieira.com.br\/index.php\/wp-json\/wp\/v2\/posts\/1716\/revisions\/1783"}],"wp:featuredmedia":[{"embeddable":true,"href":"https:\/\/lessavieira.com.br\/index.php\/wp-json\/wp\/v2\/media\/1718"}],"wp:attachment":[{"href":"https:\/\/lessavieira.com.br\/index.php\/wp-json\/wp\/v2\/media?parent=1716"}],"wp:term":[{"taxonomy":"category","embeddable":true,"href":"https:\/\/lessavieira.com.br\/index.php\/wp-json\/wp\/v2\/categories?post=1716"},{"taxonomy":"post_tag","embeddable":true,"href":"https:\/\/lessavieira.com.br\/index.php\/wp-json\/wp\/v2\/tags?post=1716"}],"curies":[{"name":"wp","href":"https:\/\/api.w.org\/{rel}","templated":true}]}}