{"id":1791,"date":"2018-07-04T19:30:46","date_gmt":"2018-07-04T22:30:46","guid":{"rendered":"https:\/\/lessavieira.com.br\/?p=1791"},"modified":"2024-09-11T11:41:06","modified_gmt":"2024-09-11T14:41:06","slug":"julgamento-parcial-do-merito-e-a-necessidade-de-aplicacao-do-procedimento-recursal-adequado","status":"publish","type":"post","link":"https:\/\/lessavieira.com.br\/index.php\/2018\/07\/04\/julgamento-parcial-do-merito-e-a-necessidade-de-aplicacao-do-procedimento-recursal-adequado\/","title":{"rendered":"Julgamento parcial do m\u00e9rito e a necessidade de aplica\u00e7\u00e3o do procedimento recursal adequado"},"content":{"rendered":"\t\t<div data-elementor-type=\"wp-post\" data-elementor-id=\"1791\" class=\"elementor elementor-1791\">\n\t\t\t\t<div class=\"elementor-element elementor-element-f82e4ca e-flex e-con-boxed e-con e-parent\" data-id=\"f82e4ca\" data-element_type=\"container\" data-e-type=\"container\">\n\t\t\t\t\t<div class=\"e-con-inner\">\n\t\t<div class=\"elementor-element elementor-element-54c3a01 e-con-full e-flex e-con e-child\" data-id=\"54c3a01\" data-element_type=\"container\" data-e-type=\"container\" data-settings=\"{&quot;background_background&quot;:&quot;classic&quot;}\">\n\t\t<div class=\"elementor-element elementor-element-cf96bac e-con-full e-flex e-con e-child\" data-id=\"cf96bac\" data-element_type=\"container\" data-e-type=\"container\" data-settings=\"{&quot;background_background&quot;:&quot;classic&quot;}\">\n\t\t<div class=\"elementor-element elementor-element-a899026 e-con-full e-flex e-con e-child\" data-id=\"a899026\" data-element_type=\"container\" data-e-type=\"container\">\n\t\t\t\t<div class=\"elementor-element elementor-element-ce1e3d5 elementor-widget__width-initial elementor-widget elementor-widget-image\" data-id=\"ce1e3d5\" data-element_type=\"widget\" data-e-type=\"widget\" data-widget_type=\"image.default\">\n\t\t\t\t<div class=\"elementor-widget-container\">\n\t\t\t\t\t\t\t\t\t\t\t\t\t\t\t\t<a href=\"https:\/\/lessavieira.com.br\/\">\n\t\t\t\t\t\t\t<img fetchpriority=\"high\" decoding=\"async\" width=\"7273\" height=\"1618\" src=\"https:\/\/lessavieira.com.br\/wp-content\/uploads\/2024\/03\/Lessa-Vieira_marca_Horizontal-branca.png\" class=\"attachment-full size-full wp-image-93\" alt=\"\" srcset=\"https:\/\/lessavieira.com.br\/wp-content\/uploads\/2024\/03\/Lessa-Vieira_marca_Horizontal-branca.png 7273w, https:\/\/lessavieira.com.br\/wp-content\/uploads\/2024\/03\/Lessa-Vieira_marca_Horizontal-branca-300x67.png 300w, https:\/\/lessavieira.com.br\/wp-content\/uploads\/2024\/03\/Lessa-Vieira_marca_Horizontal-branca-1024x228.png 1024w, https:\/\/lessavieira.com.br\/wp-content\/uploads\/2024\/03\/Lessa-Vieira_marca_Horizontal-branca-768x171.png 768w, https:\/\/lessavieira.com.br\/wp-content\/uploads\/2024\/03\/Lessa-Vieira_marca_Horizontal-branca-1536x342.png 1536w, https:\/\/lessavieira.com.br\/wp-content\/uploads\/2024\/03\/Lessa-Vieira_marca_Horizontal-branca-2048x456.png 2048w\" sizes=\"(max-width: 7273px) 100vw, 7273px\" \/>\t\t\t\t\t\t\t\t<\/a>\n\t\t\t\t\t\t\t\t\t\t\t\t\t\t\t<\/div>\n\t\t\t\t<\/div>\n\t\t\t\t<div class=\"elementor-element elementor-element-985df9f elementor-icon-list--layout-inline elementor-align-end elementor-mobile-align-center elementor-list-item-link-full_width elementor-widget elementor-widget-icon-list\" data-id=\"985df9f\" data-element_type=\"widget\" data-e-type=\"widget\" data-widget_type=\"icon-list.default\">\n\t\t\t\t<div class=\"elementor-widget-container\">\n\t\t\t\t\t\t\t<ul class=\"elementor-icon-list-items elementor-inline-items\">\n\t\t\t\t\t\t\t<li class=\"elementor-icon-list-item elementor-inline-item\">\n\t\t\t\t\t\t\t\t\t\t\t<a href=\"https:\/\/lessavieira.com.br\/index.php\/es\/\">\n\n\t\t\t\t\t\t\t\t\t\t\t<span class=\"elementor-icon-list-text\">Inicio<\/span>\n\t\t\t\t\t\t\t\t\t\t\t<\/a>\n\t\t\t\t\t\t\t\t\t<\/li>\n\t\t\t\t\t\t<\/ul>\n\t\t\t\t\t\t<\/div>\n\t\t\t\t<\/div>\n\t\t\t\t<\/div>\n\t\t\t\t<div class=\"elementor-element elementor-element-e036f96 elementor-widget-divider--view-line elementor-widget elementor-widget-divider\" data-id=\"e036f96\" data-element_type=\"widget\" data-e-type=\"widget\" data-widget_type=\"divider.default\">\n\t\t\t\t<div class=\"elementor-widget-container\">\n\t\t\t\t\t\t\t<div class=\"elementor-divider\">\n\t\t\t<span class=\"elementor-divider-separator\">\n\t\t\t\t\t\t<\/span>\n\t\t<\/div>\n\t\t\t\t\t\t<\/div>\n\t\t\t\t<\/div>\n\t\t\t\t<\/div>\n\t\t\t\t<\/div>\n\t\t<div class=\"elementor-element elementor-element-870ca7f e-con-full e-flex e-con e-child\" data-id=\"870ca7f\" data-element_type=\"container\" data-e-type=\"container\">\n\t\t<div class=\"elementor-element elementor-element-86e5ffc e-con-full e-flex e-con e-child\" data-id=\"86e5ffc\" data-element_type=\"container\" data-e-type=\"container\">\n\t\t<div class=\"elementor-element elementor-element-42f5548 e-con-full e-flex e-con e-child\" data-id=\"42f5548\" data-element_type=\"container\" data-e-type=\"container\" data-settings=\"{&quot;background_background&quot;:&quot;classic&quot;}\">\n\t\t<div class=\"elementor-element elementor-element-c89daa1 e-con-full e-flex e-con e-child\" data-id=\"c89daa1\" data-element_type=\"container\" data-e-type=\"container\">\n\t\t\t\t<div class=\"elementor-element elementor-element-595687a elementor-widget elementor-widget-heading\" data-id=\"595687a\" data-element_type=\"widget\" data-e-type=\"widget\" data-widget_type=\"heading.default\">\n\t\t\t\t<div class=\"elementor-widget-container\">\n\t\t\t\t\t<h1 class=\"elementor-heading-title elementor-size-default\">Julgamento parcial do m\u00e9rito e a necessidade de aplica\u00e7\u00e3o do procedimento recursal adequado<\/h1>\t\t\t\t<\/div>\n\t\t\t\t<\/div>\n\t\t\t\t<div class=\"elementor-element elementor-element-606b79e elementor-widget elementor-widget-text-editor\" data-id=\"606b79e\" data-element_type=\"widget\" data-e-type=\"widget\" data-widget_type=\"text-editor.default\">\n\t\t\t\t<div class=\"elementor-widget-container\">\n\t\t\t\t\t\t\t\t\t<p>Artigo publicado pelo s\u00f3cio Guilherme Lessa na Revista de Processo vol. 281, ano 2018.<\/p><p>O artigo formula uma cr\u00edtica \u00e0 op\u00e7\u00e3o do legislador do CPC\/2015 de prever o procedimento do recurso de agravo de instrumento para a impugna\u00e7\u00e3o das decis\u00f5es parciais de m\u00e9rito, por entender que o agravo de instrumento, historicamente associado \u00e0 impugna\u00e7\u00e3o de quest\u00f5es processuais, possui menor amplitude ao contradit\u00f3rio. Desta maneira, o autor sugere a ado\u00e7\u00e3o de elementos da apela\u00e7\u00e3o quando da impugna\u00e7\u00e3o das decis\u00f5es parciais de m\u00e9rito, como a sustenta\u00e7\u00e3o oral, a t\u00e9cnica de julgamento ampliado, dentre outras.<\/p><p>A Revista de Processo, fundada em 1976, \u00e9 uma das revistas mais tradicionais e respeitadas da \u00e1rea do direito, sendo refer\u00eancia na \u00e1rea do direito processual. Al\u00e9m disso, \u00e9 reposit\u00f3rio oficial de v\u00e1rios Tribunais do pa\u00eds, dentre eles o Superior Tribunal de Justi\u00e7a e o Supremo Tribunal Federal.<\/p><p>Para ter acesso ao artigo na \u00edntegra, <a href=\"https:\/\/www.academia.edu\/37556984\/Julgamento_parcial_do_m%C3%A9rito_e_a_necessidade_de_aplica%C3%A7%C3%A3o_do_procedimento_recursal_adequado_REPRO_281\">clique aqui<\/a>.<\/p>\t\t\t\t\t\t\t\t<\/div>\n\t\t\t\t<\/div>\n\t\t\t\t<\/div>\n\t\t<div class=\"elementor-element elementor-element-f46f1d9 e-con-full e-flex e-con e-child\" data-id=\"f46f1d9\" data-element_type=\"container\" data-e-type=\"container\">\n\t\t\t\t<div class=\"elementor-element elementor-element-48a77fb elementor-invisible elementor-widget elementor-widget-image\" data-id=\"48a77fb\" data-element_type=\"widget\" data-e-type=\"widget\" data-settings=\"{&quot;_animation&quot;:&quot;fadeInDown&quot;}\" data-widget_type=\"image.default\">\n\t\t\t\t<div class=\"elementor-widget-container\">\n\t\t\t\t\t\t\t\t\t\t\t\t\t\t\t<img decoding=\"async\" width=\"370\" height=\"530\" src=\"https:\/\/lessavieira.com.br\/wp-content\/uploads\/2024\/06\/Revista_de_processo-370x530.jpg\" class=\"attachment-large size-large wp-image-1674\" alt=\"\" srcset=\"https:\/\/lessavieira.com.br\/wp-content\/uploads\/2024\/06\/Revista_de_processo-370x530.jpg 370w, https:\/\/lessavieira.com.br\/wp-content\/uploads\/2024\/06\/Revista_de_processo-280x400.jpg 280w, https:\/\/lessavieira.com.br\/wp-content\/uploads\/2024\/06\/Revista_de_processo.jpg 550w\" sizes=\"(max-width: 370px) 100vw, 370px\" \/>\t\t\t\t\t\t\t\t\t\t\t\t\t\t\t<\/div>\n\t\t\t\t<\/div>\n\t\t\t\t<\/div>\n\t\t\t\t<\/div>\n\t\t\t\t<\/div>\n\t\t\t\t<\/div>\n\t\t\t\t\t<\/div>\n\t\t\t\t<\/div>\n\t\t<div class=\"elementor-element elementor-element-286d91e e-flex e-con-boxed e-con e-parent\" data-id=\"286d91e\" data-element_type=\"container\" data-e-type=\"container\">\n\t\t\t\t\t<div class=\"e-con-inner\">\n\t\t<footer class=\"elementor-element elementor-element-de51ef6 e-con-full e-flex e-con e-child\" data-id=\"de51ef6\" data-element_type=\"container\" data-e-type=\"container\" data-settings=\"{&quot;background_background&quot;:&quot;classic&quot;}\">\n\t\t<div class=\"elementor-element elementor-element-995764d e-flex e-con-boxed e-con e-child\" data-id=\"995764d\" data-element_type=\"container\" data-e-type=\"container\">\n\t\t\t\t\t<div class=\"e-con-inner\">\n\t\t\t\t<div class=\"elementor-element elementor-element-de1acb3 elementor-widget elementor-widget-heading\" data-id=\"de1acb3\" data-element_type=\"widget\" data-e-type=\"widget\" data-widget_type=\"heading.default\">\n\t\t\t\t<div class=\"elementor-widget-container\">\n\t\t\t\t\t<h2 class=\"elementor-heading-title elementor-size-default\">\u00a9 Lessa Vieira Advocacia 2024 | Todos los derechos reservados.\n<\/h2>\t\t\t\t<\/div>\n\t\t\t\t<\/div>\n\t\t\t\t\t<\/div>\n\t\t\t\t<\/div>\n\t\t\t\t<\/footer>\n\t\t\t\t\t<\/div>\n\t\t\t\t<\/div>\n\t\t\t\t<\/div>\n\t\t","protected":false},"excerpt":{"rendered":"<p>Inicio Julgamento parcial do m\u00e9rito e a necessidade de aplica\u00e7\u00e3o do procedimento recursal adequado Artigo publicado pelo s\u00f3cio Guilherme Lessa na Revista de Processo vol. 281, ano 2018. O artigo formula uma cr\u00edtica \u00e0 op\u00e7\u00e3o do legislador do CPC\/2015 de prever o procedimento do recurso de agravo de instrumento para a impugna\u00e7\u00e3o das decis\u00f5es parciais [&hellip;]<\/p>\n","protected":false},"author":4,"featured_media":1674,"comment_status":"closed","ping_status":"closed","sticky":false,"template":"elementor_canvas","format":"standard","meta":{"footnotes":""},"categories":[1],"tags":[],"class_list":["post-1791","post","type-post","status-publish","format-standard","has-post-thumbnail","hentry","category-blog"],"_links":{"self":[{"href":"https:\/\/lessavieira.com.br\/index.php\/wp-json\/wp\/v2\/posts\/1791","targetHints":{"allow":["GET"]}}],"collection":[{"href":"https:\/\/lessavieira.com.br\/index.php\/wp-json\/wp\/v2\/posts"}],"about":[{"href":"https:\/\/lessavieira.com.br\/index.php\/wp-json\/wp\/v2\/types\/post"}],"author":[{"embeddable":true,"href":"https:\/\/lessavieira.com.br\/index.php\/wp-json\/wp\/v2\/users\/4"}],"replies":[{"embeddable":true,"href":"https:\/\/lessavieira.com.br\/index.php\/wp-json\/wp\/v2\/comments?post=1791"}],"version-history":[{"count":10,"href":"https:\/\/lessavieira.com.br\/index.php\/wp-json\/wp\/v2\/posts\/1791\/revisions"}],"predecessor-version":[{"id":1889,"href":"https:\/\/lessavieira.com.br\/index.php\/wp-json\/wp\/v2\/posts\/1791\/revisions\/1889"}],"wp:featuredmedia":[{"embeddable":true,"href":"https:\/\/lessavieira.com.br\/index.php\/wp-json\/wp\/v2\/media\/1674"}],"wp:attachment":[{"href":"https:\/\/lessavieira.com.br\/index.php\/wp-json\/wp\/v2\/media?parent=1791"}],"wp:term":[{"taxonomy":"category","embeddable":true,"href":"https:\/\/lessavieira.com.br\/index.php\/wp-json\/wp\/v2\/categories?post=1791"},{"taxonomy":"post_tag","embeddable":true,"href":"https:\/\/lessavieira.com.br\/index.php\/wp-json\/wp\/v2\/tags?post=1791"}],"curies":[{"name":"wp","href":"https:\/\/api.w.org\/{rel}","templated":true}]}}