{"id":1801,"date":"2018-11-10T19:41:50","date_gmt":"2018-11-10T21:41:50","guid":{"rendered":"https:\/\/lessavieira.com.br\/?p=1801"},"modified":"2024-09-11T11:41:49","modified_gmt":"2024-09-11T14:41:49","slug":"perfil-historico-dogmatico-da-tutela-de-evidencia-a-genese-do-instituto-no-direito-processual-civil-brasileiro","status":"publish","type":"post","link":"https:\/\/lessavieira.com.br\/index.php\/2018\/11\/10\/perfil-historico-dogmatico-da-tutela-de-evidencia-a-genese-do-instituto-no-direito-processual-civil-brasileiro\/","title":{"rendered":"Perfil hist\u00f3rico-dogm\u00e1tico da tutela de evid\u00eancia: a g\u00eanese do instituto no direito processual civil brasileiro"},"content":{"rendered":"\t\t<div data-elementor-type=\"wp-post\" data-elementor-id=\"1801\" class=\"elementor elementor-1801\">\n\t\t\t\t<div class=\"elementor-element elementor-element-f82e4ca e-flex e-con-boxed e-con e-parent\" data-id=\"f82e4ca\" data-element_type=\"container\" data-e-type=\"container\">\n\t\t\t\t\t<div class=\"e-con-inner\">\n\t\t<div class=\"elementor-element elementor-element-54c3a01 e-con-full e-flex e-con e-child\" data-id=\"54c3a01\" data-element_type=\"container\" data-e-type=\"container\" data-settings=\"{&quot;background_background&quot;:&quot;classic&quot;}\">\n\t\t<div class=\"elementor-element elementor-element-cf96bac e-con-full e-flex e-con e-child\" data-id=\"cf96bac\" data-element_type=\"container\" data-e-type=\"container\" data-settings=\"{&quot;background_background&quot;:&quot;classic&quot;}\">\n\t\t<div class=\"elementor-element elementor-element-a899026 e-con-full e-flex e-con e-child\" data-id=\"a899026\" data-element_type=\"container\" data-e-type=\"container\">\n\t\t\t\t<div class=\"elementor-element elementor-element-ce1e3d5 elementor-widget__width-initial elementor-widget elementor-widget-image\" data-id=\"ce1e3d5\" data-element_type=\"widget\" data-e-type=\"widget\" data-widget_type=\"image.default\">\n\t\t\t\t<div class=\"elementor-widget-container\">\n\t\t\t\t\t\t\t\t\t\t\t\t\t\t\t\t<a href=\"https:\/\/lessavieira.com.br\/\">\n\t\t\t\t\t\t\t<img fetchpriority=\"high\" decoding=\"async\" width=\"7273\" height=\"1618\" src=\"https:\/\/lessavieira.com.br\/wp-content\/uploads\/2024\/03\/Lessa-Vieira_marca_Horizontal-branca.png\" class=\"attachment-full size-full wp-image-93\" alt=\"\" srcset=\"https:\/\/lessavieira.com.br\/wp-content\/uploads\/2024\/03\/Lessa-Vieira_marca_Horizontal-branca.png 7273w, https:\/\/lessavieira.com.br\/wp-content\/uploads\/2024\/03\/Lessa-Vieira_marca_Horizontal-branca-300x67.png 300w, https:\/\/lessavieira.com.br\/wp-content\/uploads\/2024\/03\/Lessa-Vieira_marca_Horizontal-branca-1024x228.png 1024w, https:\/\/lessavieira.com.br\/wp-content\/uploads\/2024\/03\/Lessa-Vieira_marca_Horizontal-branca-768x171.png 768w, https:\/\/lessavieira.com.br\/wp-content\/uploads\/2024\/03\/Lessa-Vieira_marca_Horizontal-branca-1536x342.png 1536w, https:\/\/lessavieira.com.br\/wp-content\/uploads\/2024\/03\/Lessa-Vieira_marca_Horizontal-branca-2048x456.png 2048w\" sizes=\"(max-width: 7273px) 100vw, 7273px\" \/>\t\t\t\t\t\t\t\t<\/a>\n\t\t\t\t\t\t\t\t\t\t\t\t\t\t\t<\/div>\n\t\t\t\t<\/div>\n\t\t\t\t<div class=\"elementor-element elementor-element-985df9f elementor-icon-list--layout-inline elementor-align-end elementor-mobile-align-center elementor-list-item-link-full_width elementor-widget elementor-widget-icon-list\" data-id=\"985df9f\" data-element_type=\"widget\" data-e-type=\"widget\" data-widget_type=\"icon-list.default\">\n\t\t\t\t<div class=\"elementor-widget-container\">\n\t\t\t\t\t\t\t<ul class=\"elementor-icon-list-items elementor-inline-items\">\n\t\t\t\t\t\t\t<li class=\"elementor-icon-list-item elementor-inline-item\">\n\t\t\t\t\t\t\t\t\t\t\t<a href=\"https:\/\/lessavieira.com.br\/index.php\/es\/\">\n\n\t\t\t\t\t\t\t\t\t\t\t<span class=\"elementor-icon-list-text\">Inicio<\/span>\n\t\t\t\t\t\t\t\t\t\t\t<\/a>\n\t\t\t\t\t\t\t\t\t<\/li>\n\t\t\t\t\t\t<\/ul>\n\t\t\t\t\t\t<\/div>\n\t\t\t\t<\/div>\n\t\t\t\t<\/div>\n\t\t\t\t<div class=\"elementor-element elementor-element-e036f96 elementor-widget-divider--view-line elementor-widget elementor-widget-divider\" data-id=\"e036f96\" data-element_type=\"widget\" data-e-type=\"widget\" data-widget_type=\"divider.default\">\n\t\t\t\t<div class=\"elementor-widget-container\">\n\t\t\t\t\t\t\t<div class=\"elementor-divider\">\n\t\t\t<span class=\"elementor-divider-separator\">\n\t\t\t\t\t\t<\/span>\n\t\t<\/div>\n\t\t\t\t\t\t<\/div>\n\t\t\t\t<\/div>\n\t\t\t\t<\/div>\n\t\t\t\t<\/div>\n\t\t<div class=\"elementor-element elementor-element-870ca7f e-con-full e-flex e-con e-child\" data-id=\"870ca7f\" data-element_type=\"container\" data-e-type=\"container\">\n\t\t<div class=\"elementor-element elementor-element-86e5ffc e-con-full e-flex e-con e-child\" data-id=\"86e5ffc\" data-element_type=\"container\" data-e-type=\"container\">\n\t\t<div class=\"elementor-element elementor-element-42f5548 e-con-full e-flex e-con e-child\" data-id=\"42f5548\" data-element_type=\"container\" data-e-type=\"container\" data-settings=\"{&quot;background_background&quot;:&quot;classic&quot;}\">\n\t\t<div class=\"elementor-element elementor-element-c89daa1 e-con-full e-flex e-con e-child\" data-id=\"c89daa1\" data-element_type=\"container\" data-e-type=\"container\">\n\t\t\t\t<div class=\"elementor-element elementor-element-595687a elementor-widget elementor-widget-heading\" data-id=\"595687a\" data-element_type=\"widget\" data-e-type=\"widget\" data-widget_type=\"heading.default\">\n\t\t\t\t<div class=\"elementor-widget-container\">\n\t\t\t\t\t<h1 class=\"elementor-heading-title elementor-size-default\">Perfil hist\u00f3rico-dogm\u00e1tico da tutela de evid\u00eancia: a g\u00eanese do instituto no direito processual civil brasileiro<\/h1>\t\t\t\t<\/div>\n\t\t\t\t<\/div>\n\t\t\t\t<div class=\"elementor-element elementor-element-606b79e elementor-widget elementor-widget-text-editor\" data-id=\"606b79e\" data-element_type=\"widget\" data-e-type=\"widget\" data-widget_type=\"text-editor.default\">\n\t\t\t\t<div class=\"elementor-widget-container\">\n\t\t\t\t\t\t\t\t\t<p>Artigo publicado pelo s\u00f3cio Guilherme Lessa na Revista de Processo Comparado vol. 8, ano 2018.\u00a0<\/p><p>Nesse ensaio, promove-se uma reconstru\u00e7\u00e3o hist\u00f3rica-dogm\u00e1tica sobre a tutela de evid\u00eancia, instituto previsto no art. 311 do C\u00f3digo de Processo Civil, demonstrando-se o desenvolvimento da doutrina brasileira a partir da obra do autor italiano Piero Calamandrei. Busca-se demonstrar que a proposi\u00e7\u00e3o de uma tutela de evid\u00eancia no direito brasileiro remonta \u00e0s teses de Ov\u00eddio Baptista da Silva formuladas especialmente a partir do final da d\u00e9cada de 70, inclusive acompanhadas de propostas legislativas.<\/p><p>A Revista de Processo Comparado \u00e9 um peri\u00f3dico da Revista dos Tribunais que re\u00fane publica\u00e7\u00f5es de professores renomados ao redor do mundo, focada em debater problemas de direito em uma perspectiva comparada.<\/p><p>Para ter acesso ao artigo na \u00edntegra, <a href=\"https:\/\/www.academia.edu\/38159169\/Perfil_hist%C3%B3rico_dogm%C3%A1tico_da_tutela_de_evid%C3%AAncia_a_g%C3%AAnese_do_instituto_no_direito_processual_civil_brasileiro_RPC_no_8\">clique aqui<\/a><\/p>\t\t\t\t\t\t\t\t<\/div>\n\t\t\t\t<\/div>\n\t\t\t\t<\/div>\n\t\t<div class=\"elementor-element elementor-element-f46f1d9 e-con-full e-flex e-con e-child\" data-id=\"f46f1d9\" data-element_type=\"container\" data-e-type=\"container\">\n\t\t\t\t<div class=\"elementor-element elementor-element-48a77fb elementor-invisible elementor-widget elementor-widget-image\" data-id=\"48a77fb\" data-element_type=\"widget\" data-e-type=\"widget\" data-settings=\"{&quot;_animation&quot;:&quot;fadeInDown&quot;}\" data-widget_type=\"image.default\">\n\t\t\t\t<div class=\"elementor-widget-container\">\n\t\t\t\t\t\t\t\t\t\t\t\t\t\t\t<img decoding=\"async\" width=\"368\" height=\"530\" src=\"https:\/\/lessavieira.com.br\/wp-content\/uploads\/2018\/11\/processo_c-368x530.jpg\" class=\"attachment-large size-large wp-image-1804\" alt=\"\" srcset=\"https:\/\/lessavieira.com.br\/wp-content\/uploads\/2018\/11\/processo_c-368x530.jpg 368w, https:\/\/lessavieira.com.br\/wp-content\/uploads\/2018\/11\/processo_c-278x400.jpg 278w, https:\/\/lessavieira.com.br\/wp-content\/uploads\/2018\/11\/processo_c.jpg 431w\" sizes=\"(max-width: 368px) 100vw, 368px\" \/>\t\t\t\t\t\t\t\t\t\t\t\t\t\t\t<\/div>\n\t\t\t\t<\/div>\n\t\t\t\t<\/div>\n\t\t\t\t<\/div>\n\t\t\t\t<\/div>\n\t\t\t\t<\/div>\n\t\t\t\t\t<\/div>\n\t\t\t\t<\/div>\n\t\t<div class=\"elementor-element elementor-element-286d91e e-flex e-con-boxed e-con e-parent\" data-id=\"286d91e\" data-element_type=\"container\" data-e-type=\"container\">\n\t\t\t\t\t<div class=\"e-con-inner\">\n\t\t<footer class=\"elementor-element elementor-element-de51ef6 e-con-full e-flex e-con e-child\" data-id=\"de51ef6\" data-element_type=\"container\" data-e-type=\"container\" data-settings=\"{&quot;background_background&quot;:&quot;classic&quot;}\">\n\t\t<div class=\"elementor-element elementor-element-995764d e-flex e-con-boxed e-con e-child\" data-id=\"995764d\" data-element_type=\"container\" data-e-type=\"container\">\n\t\t\t\t\t<div class=\"e-con-inner\">\n\t\t\t\t<div class=\"elementor-element elementor-element-de1acb3 elementor-widget elementor-widget-heading\" data-id=\"de1acb3\" data-element_type=\"widget\" data-e-type=\"widget\" data-widget_type=\"heading.default\">\n\t\t\t\t<div class=\"elementor-widget-container\">\n\t\t\t\t\t<h2 class=\"elementor-heading-title elementor-size-default\">\u00a9 Lessa Vieira Advocacia 2024 | Todos los derechos reservados.\n<\/h2>\t\t\t\t<\/div>\n\t\t\t\t<\/div>\n\t\t\t\t\t<\/div>\n\t\t\t\t<\/div>\n\t\t\t\t<\/footer>\n\t\t\t\t\t<\/div>\n\t\t\t\t<\/div>\n\t\t\t\t<\/div>\n\t\t","protected":false},"excerpt":{"rendered":"<p>Inicio Perfil hist\u00f3rico-dogm\u00e1tico da tutela de evid\u00eancia: a g\u00eanese do instituto no direito processual civil brasileiro Artigo publicado pelo s\u00f3cio Guilherme Lessa na Revista de Processo Comparado vol. 8, ano 2018.\u00a0 Nesse ensaio, promove-se uma reconstru\u00e7\u00e3o hist\u00f3rica-dogm\u00e1tica sobre a tutela de evid\u00eancia, instituto previsto no art. 311 do C\u00f3digo de Processo Civil, demonstrando-se o desenvolvimento [&hellip;]<\/p>\n","protected":false},"author":4,"featured_media":1804,"comment_status":"closed","ping_status":"closed","sticky":false,"template":"elementor_canvas","format":"standard","meta":{"footnotes":""},"categories":[1],"tags":[],"class_list":["post-1801","post","type-post","status-publish","format-standard","has-post-thumbnail","hentry","category-blog"],"_links":{"self":[{"href":"https:\/\/lessavieira.com.br\/index.php\/wp-json\/wp\/v2\/posts\/1801","targetHints":{"allow":["GET"]}}],"collection":[{"href":"https:\/\/lessavieira.com.br\/index.php\/wp-json\/wp\/v2\/posts"}],"about":[{"href":"https:\/\/lessavieira.com.br\/index.php\/wp-json\/wp\/v2\/types\/post"}],"author":[{"embeddable":true,"href":"https:\/\/lessavieira.com.br\/index.php\/wp-json\/wp\/v2\/users\/4"}],"replies":[{"embeddable":true,"href":"https:\/\/lessavieira.com.br\/index.php\/wp-json\/wp\/v2\/comments?post=1801"}],"version-history":[{"count":7,"href":"https:\/\/lessavieira.com.br\/index.php\/wp-json\/wp\/v2\/posts\/1801\/revisions"}],"predecessor-version":[{"id":1892,"href":"https:\/\/lessavieira.com.br\/index.php\/wp-json\/wp\/v2\/posts\/1801\/revisions\/1892"}],"wp:featuredmedia":[{"embeddable":true,"href":"https:\/\/lessavieira.com.br\/index.php\/wp-json\/wp\/v2\/media\/1804"}],"wp:attachment":[{"href":"https:\/\/lessavieira.com.br\/index.php\/wp-json\/wp\/v2\/media?parent=1801"}],"wp:term":[{"taxonomy":"category","embeddable":true,"href":"https:\/\/lessavieira.com.br\/index.php\/wp-json\/wp\/v2\/categories?post=1801"},{"taxonomy":"post_tag","embeddable":true,"href":"https:\/\/lessavieira.com.br\/index.php\/wp-json\/wp\/v2\/tags?post=1801"}],"curies":[{"name":"wp","href":"https:\/\/api.w.org\/{rel}","templated":true}]}}