{"id":1905,"date":"2019-09-14T10:00:59","date_gmt":"2019-09-14T13:00:59","guid":{"rendered":"https:\/\/lessavieira.com.br\/?p=1905"},"modified":"2024-09-14T10:07:14","modified_gmt":"2024-09-14T13:07:14","slug":"accountability-e-transparencia-na-justica-civil","status":"publish","type":"post","link":"https:\/\/lessavieira.com.br\/index.php\/2019\/09\/14\/accountability-e-transparencia-na-justica-civil\/","title":{"rendered":"Accountability e transpar\u00eancia na Justi\u00e7a Civil"},"content":{"rendered":"\t\t<div data-elementor-type=\"wp-post\" data-elementor-id=\"1905\" class=\"elementor elementor-1905\">\n\t\t\t\t<div class=\"elementor-element elementor-element-f82e4ca e-flex e-con-boxed e-con e-parent\" data-id=\"f82e4ca\" data-element_type=\"container\" data-e-type=\"container\">\n\t\t\t\t\t<div class=\"e-con-inner\">\n\t\t<div class=\"elementor-element elementor-element-54c3a01 e-con-full e-flex e-con e-child\" data-id=\"54c3a01\" data-element_type=\"container\" data-e-type=\"container\" data-settings=\"{&quot;background_background&quot;:&quot;classic&quot;}\">\n\t\t<div class=\"elementor-element elementor-element-cf96bac e-con-full e-flex e-con e-child\" data-id=\"cf96bac\" data-element_type=\"container\" data-e-type=\"container\" data-settings=\"{&quot;background_background&quot;:&quot;classic&quot;}\">\n\t\t<div class=\"elementor-element elementor-element-a899026 e-con-full e-flex e-con e-child\" data-id=\"a899026\" data-element_type=\"container\" data-e-type=\"container\">\n\t\t\t\t<div class=\"elementor-element elementor-element-ce1e3d5 elementor-widget__width-initial elementor-widget elementor-widget-image\" data-id=\"ce1e3d5\" data-element_type=\"widget\" data-e-type=\"widget\" data-widget_type=\"image.default\">\n\t\t\t\t<div class=\"elementor-widget-container\">\n\t\t\t\t\t\t\t\t\t\t\t\t\t\t\t\t<a href=\"https:\/\/lessavieira.com.br\/\">\n\t\t\t\t\t\t\t<img fetchpriority=\"high\" decoding=\"async\" width=\"7273\" height=\"1618\" src=\"https:\/\/lessavieira.com.br\/wp-content\/uploads\/2024\/03\/Lessa-Vieira_marca_Horizontal-branca.png\" class=\"attachment-full size-full wp-image-93\" alt=\"\" srcset=\"https:\/\/lessavieira.com.br\/wp-content\/uploads\/2024\/03\/Lessa-Vieira_marca_Horizontal-branca.png 7273w, https:\/\/lessavieira.com.br\/wp-content\/uploads\/2024\/03\/Lessa-Vieira_marca_Horizontal-branca-300x67.png 300w, https:\/\/lessavieira.com.br\/wp-content\/uploads\/2024\/03\/Lessa-Vieira_marca_Horizontal-branca-1024x228.png 1024w, https:\/\/lessavieira.com.br\/wp-content\/uploads\/2024\/03\/Lessa-Vieira_marca_Horizontal-branca-768x171.png 768w, https:\/\/lessavieira.com.br\/wp-content\/uploads\/2024\/03\/Lessa-Vieira_marca_Horizontal-branca-1536x342.png 1536w, https:\/\/lessavieira.com.br\/wp-content\/uploads\/2024\/03\/Lessa-Vieira_marca_Horizontal-branca-2048x456.png 2048w\" sizes=\"(max-width: 7273px) 100vw, 7273px\" \/>\t\t\t\t\t\t\t\t<\/a>\n\t\t\t\t\t\t\t\t\t\t\t\t\t\t\t<\/div>\n\t\t\t\t<\/div>\n\t\t\t\t<div class=\"elementor-element elementor-element-985df9f elementor-icon-list--layout-inline elementor-align-end elementor-mobile-align-center elementor-list-item-link-full_width elementor-widget elementor-widget-icon-list\" data-id=\"985df9f\" data-element_type=\"widget\" data-e-type=\"widget\" data-widget_type=\"icon-list.default\">\n\t\t\t\t<div class=\"elementor-widget-container\">\n\t\t\t\t\t\t\t<ul class=\"elementor-icon-list-items elementor-inline-items\">\n\t\t\t\t\t\t\t<li class=\"elementor-icon-list-item elementor-inline-item\">\n\t\t\t\t\t\t\t\t\t\t\t<a href=\"https:\/\/lessavieira.com.br\/index.php\/es\/\">\n\n\t\t\t\t\t\t\t\t\t\t\t<span class=\"elementor-icon-list-text\">Inicio<\/span>\n\t\t\t\t\t\t\t\t\t\t\t<\/a>\n\t\t\t\t\t\t\t\t\t<\/li>\n\t\t\t\t\t\t<\/ul>\n\t\t\t\t\t\t<\/div>\n\t\t\t\t<\/div>\n\t\t\t\t<\/div>\n\t\t\t\t<div class=\"elementor-element elementor-element-e036f96 elementor-widget-divider--view-line elementor-widget elementor-widget-divider\" data-id=\"e036f96\" data-element_type=\"widget\" data-e-type=\"widget\" data-widget_type=\"divider.default\">\n\t\t\t\t<div class=\"elementor-widget-container\">\n\t\t\t\t\t\t\t<div class=\"elementor-divider\">\n\t\t\t<span class=\"elementor-divider-separator\">\n\t\t\t\t\t\t<\/span>\n\t\t<\/div>\n\t\t\t\t\t\t<\/div>\n\t\t\t\t<\/div>\n\t\t\t\t<\/div>\n\t\t\t\t<\/div>\n\t\t<div class=\"elementor-element elementor-element-870ca7f e-con-full e-flex e-con e-child\" data-id=\"870ca7f\" data-element_type=\"container\" data-e-type=\"container\">\n\t\t<div class=\"elementor-element elementor-element-86e5ffc e-con-full e-flex e-con e-child\" data-id=\"86e5ffc\" data-element_type=\"container\" data-e-type=\"container\">\n\t\t<div class=\"elementor-element elementor-element-42f5548 e-con-full e-flex e-con e-child\" data-id=\"42f5548\" data-element_type=\"container\" data-e-type=\"container\" data-settings=\"{&quot;background_background&quot;:&quot;classic&quot;}\">\n\t\t<div class=\"elementor-element elementor-element-c89daa1 e-con-full e-flex e-con e-child\" data-id=\"c89daa1\" data-element_type=\"container\" data-e-type=\"container\">\n\t\t\t\t<div class=\"elementor-element elementor-element-595687a elementor-widget elementor-widget-heading\" data-id=\"595687a\" data-element_type=\"widget\" data-e-type=\"widget\" data-widget_type=\"heading.default\">\n\t\t\t\t<div class=\"elementor-widget-container\">\n\t\t\t\t\t<h1 class=\"elementor-heading-title elementor-size-default\">Accountability e transpar\u00eancia na Justi\u00e7a Civil<\/h1>\t\t\t\t<\/div>\n\t\t\t\t<\/div>\n\t\t\t\t<div class=\"elementor-element elementor-element-606b79e elementor-widget elementor-widget-text-editor\" data-id=\"606b79e\" data-element_type=\"widget\" data-e-type=\"widget\" data-widget_type=\"text-editor.default\">\n\t\t\t\t<div class=\"elementor-widget-container\">\n\t\t\t\t\t\t\t\t\t<p>O s\u00f3cio Guilherme Lessa foi respons\u00e1vel pela tradu\u00e7\u00e3o do artigo &#8220;A<em>ccountability and transparency in the course of Civil Justice in the Nordic countries<\/em>&#8221; da Prof. Anna Nylund, publicado na colet\u00e2nea Accountability e Transpar\u00eancia da Justi\u00e7a Civil, S\u00e3o Paulo: Ed. RT, 2019, sob coordena\u00e7\u00e3o do Prof. Daniel Mitidiero.<\/p><p>O livro re\u00fane doze trabalhos que enfrentam o tema da transpar\u00eancia e da confiabilidade do Poder Judici\u00e1rio. Os trabalhos foram escritos por professores renomados de todo o mundo e apresentados no <em>XVI World Congress on Procedural Law<\/em>, realizado pela <em>International Association of Procedural Law<\/em> (IAPL) em T\u00f3quio, no Jap\u00e3o.<\/p><p>Para adquirir o livro f\u00edsico ou a vers\u00e3o <em>e-book<\/em>, <a href=\"https:\/\/www.livrariart.com.br\/accountability-e-transparencia-da-justica-civil-9788553218134\/p?order=\">clique aqui<\/a>.<\/p>\t\t\t\t\t\t\t\t<\/div>\n\t\t\t\t<\/div>\n\t\t\t\t<\/div>\n\t\t<div class=\"elementor-element elementor-element-f46f1d9 e-con-full e-flex e-con e-child\" data-id=\"f46f1d9\" data-element_type=\"container\" data-e-type=\"container\">\n\t\t\t\t<div class=\"elementor-element elementor-element-48a77fb elementor-invisible elementor-widget elementor-widget-image\" data-id=\"48a77fb\" data-element_type=\"widget\" data-e-type=\"widget\" data-settings=\"{&quot;_animation&quot;:&quot;fadeInDown&quot;}\" data-widget_type=\"image.default\">\n\t\t\t\t<div class=\"elementor-widget-container\">\n\t\t\t\t\t\t\t\t\t\t\t\t\t\t\t<img decoding=\"async\" width=\"331\" height=\"500\" src=\"https:\/\/lessavieira.com.br\/wp-content\/uploads\/2019\/09\/416tt3LB46S.jpg\" class=\"attachment-large size-large wp-image-1908\" alt=\"\" srcset=\"https:\/\/lessavieira.com.br\/wp-content\/uploads\/2019\/09\/416tt3LB46S.jpg 331w, https:\/\/lessavieira.com.br\/wp-content\/uploads\/2019\/09\/416tt3LB46S-265x400.jpg 265w\" sizes=\"(max-width: 331px) 100vw, 331px\" \/>\t\t\t\t\t\t\t\t\t\t\t\t\t\t\t<\/div>\n\t\t\t\t<\/div>\n\t\t\t\t<\/div>\n\t\t\t\t<\/div>\n\t\t\t\t<\/div>\n\t\t\t\t<\/div>\n\t\t\t\t\t<\/div>\n\t\t\t\t<\/div>\n\t\t<div class=\"elementor-element elementor-element-286d91e e-flex e-con-boxed e-con e-parent\" data-id=\"286d91e\" data-element_type=\"container\" data-e-type=\"container\">\n\t\t\t\t\t<div class=\"e-con-inner\">\n\t\t<footer class=\"elementor-element elementor-element-de51ef6 e-con-full e-flex e-con e-child\" data-id=\"de51ef6\" data-element_type=\"container\" data-e-type=\"container\" data-settings=\"{&quot;background_background&quot;:&quot;classic&quot;}\">\n\t\t<div class=\"elementor-element elementor-element-995764d e-flex e-con-boxed e-con e-child\" data-id=\"995764d\" data-element_type=\"container\" data-e-type=\"container\">\n\t\t\t\t\t<div class=\"e-con-inner\">\n\t\t\t\t<div class=\"elementor-element elementor-element-de1acb3 elementor-widget elementor-widget-heading\" data-id=\"de1acb3\" data-element_type=\"widget\" data-e-type=\"widget\" data-widget_type=\"heading.default\">\n\t\t\t\t<div class=\"elementor-widget-container\">\n\t\t\t\t\t<h2 class=\"elementor-heading-title elementor-size-default\">\u00a9 Lessa Vieira Advocacia 2024 | Todos los derechos reservados.\n<\/h2>\t\t\t\t<\/div>\n\t\t\t\t<\/div>\n\t\t\t\t\t<\/div>\n\t\t\t\t<\/div>\n\t\t\t\t<\/footer>\n\t\t\t\t\t<\/div>\n\t\t\t\t<\/div>\n\t\t\t\t<\/div>\n\t\t","protected":false},"excerpt":{"rendered":"<p>Inicio Accountability e transpar\u00eancia na Justi\u00e7a Civil O s\u00f3cio Guilherme Lessa foi respons\u00e1vel pela tradu\u00e7\u00e3o do artigo &#8220;Accountability and transparency in the course of Civil Justice in the Nordic countries&#8221; da Prof. Anna Nylund, publicado na colet\u00e2nea Accountability e Transpar\u00eancia da Justi\u00e7a Civil, S\u00e3o Paulo: Ed. RT, 2019, sob coordena\u00e7\u00e3o do Prof. Daniel Mitidiero. O [&hellip;]<\/p>\n","protected":false},"author":4,"featured_media":1908,"comment_status":"closed","ping_status":"closed","sticky":false,"template":"elementor_canvas","format":"standard","meta":{"footnotes":""},"categories":[1],"tags":[],"class_list":["post-1905","post","type-post","status-publish","format-standard","has-post-thumbnail","hentry","category-blog"],"_links":{"self":[{"href":"https:\/\/lessavieira.com.br\/index.php\/wp-json\/wp\/v2\/posts\/1905","targetHints":{"allow":["GET"]}}],"collection":[{"href":"https:\/\/lessavieira.com.br\/index.php\/wp-json\/wp\/v2\/posts"}],"about":[{"href":"https:\/\/lessavieira.com.br\/index.php\/wp-json\/wp\/v2\/types\/post"}],"author":[{"embeddable":true,"href":"https:\/\/lessavieira.com.br\/index.php\/wp-json\/wp\/v2\/users\/4"}],"replies":[{"embeddable":true,"href":"https:\/\/lessavieira.com.br\/index.php\/wp-json\/wp\/v2\/comments?post=1905"}],"version-history":[{"count":5,"href":"https:\/\/lessavieira.com.br\/index.php\/wp-json\/wp\/v2\/posts\/1905\/revisions"}],"predecessor-version":[{"id":1911,"href":"https:\/\/lessavieira.com.br\/index.php\/wp-json\/wp\/v2\/posts\/1905\/revisions\/1911"}],"wp:featuredmedia":[{"embeddable":true,"href":"https:\/\/lessavieira.com.br\/index.php\/wp-json\/wp\/v2\/media\/1908"}],"wp:attachment":[{"href":"https:\/\/lessavieira.com.br\/index.php\/wp-json\/wp\/v2\/media?parent=1905"}],"wp:term":[{"taxonomy":"category","embeddable":true,"href":"https:\/\/lessavieira.com.br\/index.php\/wp-json\/wp\/v2\/categories?post=1905"},{"taxonomy":"post_tag","embeddable":true,"href":"https:\/\/lessavieira.com.br\/index.php\/wp-json\/wp\/v2\/tags?post=1905"}],"curies":[{"name":"wp","href":"https:\/\/api.w.org\/{rel}","templated":true}]}}